{"id":6597,"date":"2026-04-28T19:53:55","date_gmt":"2026-04-28T19:53:55","guid":{"rendered":"https:\/\/blog.standard7.com.br\/?p=6597"},"modified":"2026-04-28T19:53:55","modified_gmt":"2026-04-28T19:53:55","slug":"o-fim-do-sonho-da-casa-propria-como-unica-opcao-estudo-confirma-aluguel-ganha-forca-e-imoveis-quitados-perdem-espaco-no-brasil","status":"publish","type":"post","link":"https:\/\/blog.standard7.com.br\/?p=6597","title":{"rendered":"O Fim do &#8220;Sonho da Casa Pr\u00f3pria&#8221; como \u00danica Op\u00e7\u00e3o? Estudo confirma: Aluguel ganha for\u00e7a e im\u00f3veis quitados perdem espa\u00e7o no Brasil."},"content":{"rendered":"\n<blockquote class=\"wp-block-quote is-layout-flow wp-block-quote-is-layout-flow\">\n<p>Dados recentes do IBGE apontam uma mudan\u00e7a profunda no perfil habitacional brasileiro. Marlon Deivison analisa o que isso significa para o mercado de Barreiras e LEM.<\/p>\n<\/blockquote>\n\n\n\n<p>Por d\u00e9cadas, o &#8220;sonho da casa pr\u00f3pria&#8221; \u2014 e, preferencialmente, quitada \u2014 foi o pilar absoluto da seguran\u00e7a financeira para a maioria das fam\u00edlias brasileiras. Ter a chave na m\u00e3o e o registro sem aliena\u00e7\u00e3o banc\u00e1ria era o objetivo final.<\/p>\n\n\n\n<p>No entanto, novos dados da Pesquisa Nacional por Amostra de Domic\u00edlios Cont\u00ednua (Pnad Cont\u00ednua), divulgados recentemente pelo IBGE, confirmam uma tend\u00eancia que n\u00f3s, da <strong>Standard 7<\/strong>, v\u00ednhamos observando e alertando h\u00e1 pelo menos tr\u00eas anos: <strong>o n\u00famero de im\u00f3veis pr\u00f3prios e j\u00e1 quitados est\u00e1 caindo, enquanto a moradia por aluguel n\u00e3o para de crescer.<\/strong><\/p>\n\n\n\n<p>No Brasil de 2026, a seguran\u00e7a mudou de significado. Ela n\u00e3o est\u00e1 mais apenas no &#8220;ter&#8221;, mas na &#8220;efici\u00eancia&#8221; e na &#8220;mobilidade&#8221;.<\/p>\n\n\n\n<h3 class=\"wp-block-heading\">O Que os Dados Revelam (E o Que Eles Escondem)<\/h3>\n\n\n\n<p>De acordo com o levantamento, o percentual de domic\u00edlios pr\u00f3prios e j\u00e1 pagos sofreu uma redu\u00e7\u00e3o consistente na \u00faltima d\u00e9cada. Em contrapartida, a fatia de brasileiros que vivem em im\u00f3veis alugados aumentou significativamente.<\/p>\n\n\n\n<p><strong>Por que isso est\u00e1 acontecendo?<\/strong> N\u00e3o \u00e9 uma resposta simples, mas sim um conjunto de fatores estruturais e comportamentais:<\/p>\n\n\n\n<ol start=\"1\" class=\"wp-block-list\">\n<li><strong>Novas Prioridades da Classe M\u00e9dia:<\/strong> A nova gera\u00e7\u00e3o de investidores e fam\u00edlias valoriza a <strong>mobilidade<\/strong>. A ideia de ficar &#8220;preso&#8221; a uma d\u00edvida de 30 anos e a um \u00fanico endere\u00e7o perdeu apelo. Prefere-se investir o capital no neg\u00f3cio pr\u00f3prio ou em aplica\u00e7\u00f5es financeiras enquanto se aluga um im\u00f3vel que atenda \u00e0 fase atual da vida.<\/li>\n\n\n\n<li><strong>Custo do Cr\u00e9dito:<\/strong> Com os juros em patamares elevados at\u00e9 2025 (como analisamos em nossos posts sobre cr\u00e9dito), o financiamento ficou mais caro, tornando o aluguel uma alternativa financeiramente mais saud\u00e1vel no curto e m\u00e9dio prazo.<\/li>\n\n\n\n<li><strong>Profissionaliza\u00e7\u00e3o do Mercado de Loca\u00e7\u00e3o:<\/strong> O surgimento de plataformas e de administradoras profissionais (como a <strong>Standard 7<\/strong>) tirou o estigma de &#8220;instabilidade&#8221; do aluguel. Hoje, alugar \u00e9 um processo seguro, previs\u00edvel e digital.<\/li>\n<\/ol>\n\n\n\n<h3 class=\"wp-block-heading\">A Vis\u00e3o Standard 7 para o Oeste Baiano<\/h3>\n\n\n\n<p>Em Barreiras e Lu\u00eds Eduardo Magalh\u00e3es, essa tend\u00eancia nacional \u00e9 <strong>amplificada pela nossa realidade econ\u00f4mica<\/strong>. O agroneg\u00f3cio atrai, todos os dias, executivos, engenheiros e empreendedores que n\u00e3o querem \u2014 ou n\u00e3o precisam \u2014 comprar um im\u00f3vel imediatamente. Eles buscam moradia de alta qualidade, r\u00e1pida e eficiente.<\/p>\n\n\n\n<p><strong>O que isso muda para voc\u00ea?<\/strong><\/p>\n\n\n\n<ul class=\"wp-block-list\">\n<li><strong>Para o Propriet\u00e1rio\/Investidor:<\/strong> Essa \u00e9 uma <strong>not\u00edcia excelente<\/strong>. A demanda por aluguel no Oeste Baiano \u00e9 crescente e qualificada. Ter um im\u00f3vel bem localizado e moderno em nossa regi\u00e3o n\u00e3o \u00e9 apenas prote\u00e7\u00e3o de patrim\u00f4nio, \u00e9 garantir uma <strong>renda passiva robusta<\/strong> e com liquidez imediata. A moradia virou um servi\u00e7o.<\/li>\n\n\n\n<li><strong>Para Quem Busca Moradia:<\/strong> O aluguel n\u00e3o \u00e9 mais um &#8220;degrau inferior&#8221;. \u00c9 uma escolha estrat\u00e9gica. Permite que voc\u00ea more nos melhores condom\u00ednios, perto do trabalho, sem descapitalizar para dar entrada em um financiamento.<\/li>\n<\/ul>\n\n\n\n<h3 class=\"wp-block-heading\">A Conclus\u00e3o<\/h3>\n\n\n\n<p>O sonho da casa pr\u00f3pria n\u00e3o acabou, mas ele se <strong>modernizou<\/strong>. O brasileiro est\u00e1 descobrindo que ter um patrim\u00f4nio diversificado e viver de aluguel pode ser mais rent\u00e1vel e seguro do que comprometer toda a renda em um \u00fanico bem.<\/p>\n\n\n\n<p>Na <strong>Standard 7 Consultoria Imobili\u00e1ria<\/strong>, n\u00f3s j\u00e1 jogamos esse jogo novo. Seja para blindar o patrim\u00f4nio do investidor atrav\u00e9s da loca\u00e7\u00e3o, ou para encontrar a moradia por assinatura perfeita para sua fam\u00edlia, estamos prontos para traduzir esses dados em resultados para voc\u00ea.<\/p>\n\n\n\n<p><strong>O futuro \u00e9 eficiente, m\u00f3vel e digital. Venha para a Standard 7.<\/strong><\/p>\n\n\n\n<hr class=\"wp-block-separator has-alpha-channel-opacity\"\/>\n\n\n\n<p><strong>Gostou da an\u00e1lise?<\/strong> Acompanhe a <strong>Revista S7<\/strong> semanalmente para entender como os dados demogr\u00e1ficos impactam as suas decis\u00f5es imobili\u00e1rias.<\/p>\n\n\n\n<p><strong>Marlon Deivison<\/strong> CEO | Standard 7 Consultoria Imobili\u00e1ria<\/p>\n\n\n\n<p><\/p>\n","protected":false},"excerpt":{"rendered":"<p>Dados recentes do IBGE apontam uma mudan\u00e7a profunda no perfil habitacional brasileiro. Marlon Deivison analisa o que isso significa para o mercado de Barreiras e LEM. Por d\u00e9cadas, o &#8220;sonho da casa pr\u00f3pria&#8221; \u2014 e, preferencialmente, quitada \u2014 foi o pilar absoluto da seguran\u00e7a financeira para a maioria das fam\u00edlias brasileiras. Ter a chave na<\/p>\n","protected":false},"author":1,"featured_media":6598,"comment_status":"open","ping_status":"open","sticky":false,"template":"","format":"standard","meta":{"footnotes":""},"categories":[1],"tags":[],"class_list":["post-6597","post","type-post","status-publish","format-standard","has-post-thumbnail","hentry","category-uncategorized"],"_links":{"self":[{"href":"https:\/\/blog.standard7.com.br\/index.php?rest_route=\/wp\/v2\/posts\/6597","targetHints":{"allow":["GET"]}}],"collection":[{"href":"https:\/\/blog.standard7.com.br\/index.php?rest_route=\/wp\/v2\/posts"}],"about":[{"href":"https:\/\/blog.standard7.com.br\/index.php?rest_route=\/wp\/v2\/types\/post"}],"author":[{"embeddable":true,"href":"https:\/\/blog.standard7.com.br\/index.php?rest_route=\/wp\/v2\/users\/1"}],"replies":[{"embeddable":true,"href":"https:\/\/blog.standard7.com.br\/index.php?rest_route=%2Fwp%2Fv2%2Fcomments&post=6597"}],"version-history":[{"count":1,"href":"https:\/\/blog.standard7.com.br\/index.php?rest_route=\/wp\/v2\/posts\/6597\/revisions"}],"predecessor-version":[{"id":6599,"href":"https:\/\/blog.standard7.com.br\/index.php?rest_route=\/wp\/v2\/posts\/6597\/revisions\/6599"}],"wp:featuredmedia":[{"embeddable":true,"href":"https:\/\/blog.standard7.com.br\/index.php?rest_route=\/wp\/v2\/media\/6598"}],"wp:attachment":[{"href":"https:\/\/blog.standard7.com.br\/index.php?rest_route=%2Fwp%2Fv2%2Fmedia&parent=6597"}],"wp:term":[{"taxonomy":"category","embeddable":true,"href":"https:\/\/blog.standard7.com.br\/index.php?rest_route=%2Fwp%2Fv2%2Fcategories&post=6597"},{"taxonomy":"post_tag","embeddable":true,"href":"https:\/\/blog.standard7.com.br\/index.php?rest_route=%2Fwp%2Fv2%2Ftags&post=6597"}],"curies":[{"name":"wp","href":"https:\/\/api.w.org\/{rel}","templated":true}]}}